{"id":57,"date":"2008-02-01T17:04:21","date_gmt":"2008-02-01T15:04:21","guid":{"rendered":"http:\/\/www.sledczy.pl\/?p=57"},"modified":"2008-02-01T20:05:12","modified_gmt":"2008-02-01T18:05:12","slug":"wielki-nieobecny-kosciola-katolickiego","status":"publish","type":"post","link":"https:\/\/www.sledczy.pl\/?p=57","title":{"rendered":"Wielki nieobecny Ko\u015bcio\u0142a katolickiego"},"content":{"rendered":"<p><img decoding=\"async\" loading=\"lazy\" border=\"0\" width=\"209\" src=\"http:\/\/online.glos.com\/grafika\/2008\/02\/01\/MAG12K01AA.d.jpg\" height=\"288\" style=\"width: 209px; height: 288px\" \/><img decoding=\"async\" loading=\"lazy\" border=\"0\" width=\"212\" src=\"http:\/\/online.glos.com\/grafika\/2008\/02\/01\/MAG13K01AA.d.jpg\" height=\"290\" style=\"width: 212px; height: 290px\" \/><\/p>\n<p><strong>Kim jest Tomasz W\u0119c\u0142awski? Dlaczego Ko\u015bci\u00f3\u0142 katolicki poni\u00f3s\u0142 tak wielk\u0105 strat\u0119\u00a0z powodu jego odej\u015bcia?<\/strong>\u00a0Zapraszam dzisiaj do &#8222;Magazynu&#8221; dziennika &#8222;Polska-G\u0142os Wielkopolski&#8221; do lektury napisanego wsp\u00f3lnie z Tomkiem Cylk\u0105 artyku\u0142u <a target=\"_blank\" href=\"http:\/\/www.polskatimes.pl\/365,19837.htm\">&#8222;Ruletka W\u0119c\u0142awskiego&#8221;<\/a><\/p>\n<p>Na marginesie &#8211; przy tej smutnej okazji\u00a0m\u00f3j blog mia\u0142 premier\u0119 medialn\u0105. Rozprawiaj\u0105c si\u0119 z heretykami <a target=\"_blank\" href=\"http:\/\/www.naszdziennik.pl\/index.php?typ=my&amp;dat=20080128&amp;id=my11.txt\">pierwsze pi\u00f3ro inkwizycyjne &#8222;Naszego Dziennika&#8221; zacytowa\u0142o\u00a0fragment<\/a> moich <a target=\"_blank\" href=\"http:\/\/www.sledczy.pl\/?p=55\">refleksji <\/a>zwi\u0105zanych z apostazj\u0105 teologa. Wnioski wprawdzie\u00a0b\u0142\u0119dne, ale przynajmniej cytat jest wierny&#8230;\u00a0<\/p>\n","protected":false},"excerpt":{"rendered":"<p>Kim jest Tomasz W\u0119c\u0142awski? Dlaczego Ko\u015bci\u00f3\u0142 katolicki poni\u00f3s\u0142 tak wielk\u0105 strat\u0119\u00a0z powodu jego odej\u015bcia?\u00a0Zapraszam dzisiaj do &#8222;Magazynu&#8221; dziennika &#8222;Polska-G\u0142os Wielkopolski&#8221; do lektury napisanego wsp\u00f3lnie z Tomkiem Cylk\u0105 artyku\u0142u &#8222;Ruletka W\u0119c\u0142awskiego&#8221; Na marginesie &#8211; przy tej smutnej okazji\u00a0m\u00f3j blog mia\u0142 premier\u0119 medialn\u0105. Rozprawiaj\u0105c si\u0119 z heretykami pierwsze pi\u00f3ro inkwizycyjne &#8222;Naszego Dziennika&#8221; zacytowa\u0142o\u00a0fragment moich refleksji zwi\u0105zanych z <a href=\"https:\/\/www.sledczy.pl\/?p=57\" class=\"more-link\">Czytaj dalej <span class=\"screen-reader-text\">Wielki nieobecny Ko\u015bcio\u0142a katolickiego<\/span> <span class=\"meta-nav\">&rarr;<\/span><\/a><\/p>\n","protected":false},"author":2,"featured_media":0,"comment_status":"open","ping_status":"open","sticky":false,"template":"","format":"standard","meta":[],"categories":[22],"tags":[],"_links":{"self":[{"href":"https:\/\/www.sledczy.pl\/index.php?rest_route=\/wp\/v2\/posts\/57"}],"collection":[{"href":"https:\/\/www.sledczy.pl\/index.php?rest_route=\/wp\/v2\/posts"}],"about":[{"href":"https:\/\/www.sledczy.pl\/index.php?rest_route=\/wp\/v2\/types\/post"}],"author":[{"embeddable":true,"href":"https:\/\/www.sledczy.pl\/index.php?rest_route=\/wp\/v2\/users\/2"}],"replies":[{"embeddable":true,"href":"https:\/\/www.sledczy.pl\/index.php?rest_route=%2Fwp%2Fv2%2Fcomments&post=57"}],"version-history":[{"count":0,"href":"https:\/\/www.sledczy.pl\/index.php?rest_route=\/wp\/v2\/posts\/57\/revisions"}],"wp:attachment":[{"href":"https:\/\/www.sledczy.pl\/index.php?rest_route=%2Fwp%2Fv2%2Fmedia&parent=57"}],"wp:term":[{"taxonomy":"category","embeddable":true,"href":"https:\/\/www.sledczy.pl\/index.php?rest_route=%2Fwp%2Fv2%2Fcategories&post=57"},{"taxonomy":"post_tag","embeddable":true,"href":"https:\/\/www.sledczy.pl\/index.php?rest_route=%2Fwp%2Fv2%2Ftags&post=57"}],"curies":[{"name":"wp","href":"https:\/\/api.w.org\/{rel}","templated":true}]}}